{"id":5547,"date":"2025-03-18T00:33:29","date_gmt":"2025-03-18T00:33:29","guid":{"rendered":"https:\/\/www.faar.edu.br\/sitenovo\/?p=5547"},"modified":"2025-03-18T18:10:55","modified_gmt":"2025-03-18T18:10:55","slug":"curso-tecnico-em-radiologia","status":"publish","type":"post","link":"https:\/\/www.faar.edu.br\/sitenovo\/curso-tecnico-em-radiologia\/","title":{"rendered":"CURSO T\u00c9CNICO EM RADIOLOGIA"},"content":{"rendered":"\n<p class=\"has-text-align-left\">O Curso T\u00e9cnico em Radiologia est\u00e1 articulado com a miss\u00e3o e pol\u00edtica da Escola T\u00e9cnica Faar\/IEC por meio de busca pela qualidade do ensino inclusiva e de excel\u00eancia.<\/p>\n\n\n\n<h2 class=\"wp-block-heading\"><\/h2>\n\n\n\n<p><strong>OBJETIVOS DO CURSO<\/strong><\/p>\n\n\n\n<ul class=\"wp-block-list\">\n<li>Formar T\u00e9cnico em Radiologia capaz de otimizar o uso das t\u00e9cnicas radiol\u00f3gicas na realiza\u00e7\u00e3o de exames de radiodiagn\u00f3stico, considerando todo o processo de execu\u00e7\u00e3o das t\u00e9cnicas para aquisi\u00e7\u00e3o de imagens radiol\u00f3gicas.<\/li>\n<\/ul>\n\n\n\n<ul class=\"wp-block-list\">\n<li>O curso deve oferecer ao T\u00e9cnico em Radiologia capacidade de:<\/li>\n<\/ul>\n\n\n\n<ul class=\"wp-block-list\">\n<li>Operar equipamentos radiol\u00f3gicos, zelando pela sua manuten\u00e7\u00e3o;<\/li>\n<\/ul>\n\n\n\n<ul class=\"wp-block-list\">\n<li>Levantar necessidades de suprimento e de manuten\u00e7\u00e3o dos equipamentos de radiologia;<\/li>\n<\/ul>\n\n\n\n<ul class=\"wp-block-list\">\n<li>Promover a humaniza\u00e7\u00e3o no atendimento ao cliente\/ paciente.<\/li>\n<\/ul>\n\n\n\n<p><strong>ORGANIZA\u00c7\u00c3O CURRICULAR<\/strong><\/p>\n\n\n\n<p>A estrutura curricular baseia-se no Cat\u00e1logo Nacional de Cursos T\u00e9cnicos, nos Referenciais&nbsp;&nbsp; Nacionais da Educa\u00e7\u00e3o Profissional de T\u00e9cnico de N\u00edvel M\u00e9dio e na Legisla\u00e7\u00e3o Vigente.<\/p>\n\n\n\n<p>O Curso T\u00e9cnico em Radiologia \u00e9 composto por quatro semestres, na modalidade Presencial, na forma de subsequente, com 450h por m\u00f3dulos totalizando 1800 horas de atividades ao longo do curso estando de acordo com as exig\u00eancias necess\u00e1ria.<\/p>\n\n\n\n<p>A grade curricular est\u00e1 alinhada com as Diretrizes Curriculares e considera a interdisciplinaridade, flexibilidade, contextualiza\u00e7\u00e3o&nbsp;&nbsp; a articula\u00e7\u00e3o entre teoria e pr\u00e1tica. As ferramentas de tecnologia de informa\u00e7\u00e3o e comunica\u00e7\u00e3o adotadas no processo de ensino aprendizagem, permitem a execu\u00e7\u00e3o do projeto pedag\u00f3gico do curso, garantindo a acessibilidade digital e comunicacional, promovendo ainda a interatividade entre docentes, discentes e tutores. N\u00e3o obstante, estas ainda asseguram o acesso a materiais ou recursos did\u00e1ticos a qualquer hora e lugar, possibilitando experi\u00eancias diferenciadas de aprendizagem baseadas em seu uso.<\/p>\n\n\n\n<div class=\"wp-block-buttons is-layout-flex wp-block-buttons-is-layout-flex\">\n<div class=\"wp-block-button is-style-fill\"><a class=\"wp-block-button__link wp-element-button\" href=\"https:\/\/wa.me\/5569999193989?text=Ol%C3%A1%2C%20Gostaria%20de%20Saber%20mais%20sobre%20os%20Cursos%20T%C3%A9cnicos%20da%20FAAr.\"><strong>Contate-nos<\/strong><\/a><\/div>\n<\/div>\n\n\n\n<p><\/p>\n\n\n\n<p><\/p>\n\n\n\n<p><\/p>\n","protected":false},"excerpt":{"rendered":"<p>O Curso T\u00e9cnico em Radiologia est\u00e1 articulado com a miss\u00e3o e pol\u00edtica da Escola T\u00e9cnica Faar\/IEC por meio de busca pela qualidade do ensino inclusiva e de excel\u00eancia. OBJETIVOS DO CURSO ORGANIZA\u00c7\u00c3O CURRICULAR A estrutura curricular baseia-se no Cat\u00e1logo Nacional de Cursos T\u00e9cnicos, nos Referenciais&nbsp;&nbsp; Nacionais da Educa\u00e7\u00e3o Profissional de T\u00e9cnico de N\u00edvel M\u00e9dio e na Legisla\u00e7\u00e3o Vigente. O Curso T\u00e9cnico em Radiologia \u00e9 composto por quatro semestres, na modalidade Presencial, na forma de subsequente, com 450h por m\u00f3dulos totalizando 1800 horas de atividades ao longo do curso estando de acordo com as exig\u00eancias necess\u00e1ria. A grade curricular est\u00e1 alinhada com as Diretrizes Curriculares e considera a interdisciplinaridade, flexibilidade, contextualiza\u00e7\u00e3o&nbsp;&nbsp; a articula\u00e7\u00e3o entre teoria e pr\u00e1tica. As ferramentas de tecnologia de informa\u00e7\u00e3o e comunica\u00e7\u00e3o adotadas no processo de ensino aprendizagem, permitem a execu\u00e7\u00e3o do projeto pedag\u00f3gico do curso, garantindo a acessibilidade digital e comunicacional, promovendo ainda a interatividade entre docentes, discentes e tutores. N\u00e3o obstante, estas ainda asseguram o acesso a materiais ou recursos did\u00e1ticos a qualquer hora e lugar, possibilitando experi\u00eancias diferenciadas de aprendizagem baseadas em seu uso.<\/p>\n","protected":false},"author":1,"featured_media":5490,"comment_status":"open","ping_status":"open","sticky":false,"template":"","format":"standard","meta":{"_acf_changed":false,"_uag_custom_page_level_css":"","footnotes":""},"categories":[79],"tags":[],"class_list":["post-5547","post","type-post","status-publish","format-standard","has-post-thumbnail","hentry","category-cursos-tecnicos"],"acf":[],"uagb_featured_image_src":{"full":["https:\/\/www.faar.edu.br\/sitenovo\/wp-content\/uploads\/2025\/03\/Anuncio-curso-de-enfermagem-post-de-instagram-1.png",1080,1080,false],"thumbnail":["https:\/\/www.faar.edu.br\/sitenovo\/wp-content\/uploads\/2025\/03\/Anuncio-curso-de-enfermagem-post-de-instagram-1-150x150.png",150,150,true],"medium":["https:\/\/www.faar.edu.br\/sitenovo\/wp-content\/uploads\/2025\/03\/Anuncio-curso-de-enfermagem-post-de-instagram-1-300x300.png",300,300,true],"medium_large":["https:\/\/www.faar.edu.br\/sitenovo\/wp-content\/uploads\/2025\/03\/Anuncio-curso-de-enfermagem-post-de-instagram-1-768x768.png",768,768,true],"large":["https:\/\/www.faar.edu.br\/sitenovo\/wp-content\/uploads\/2025\/03\/Anuncio-curso-de-enfermagem-post-de-instagram-1-1024x1024.png",800,800,true],"1536x1536":["https:\/\/www.faar.edu.br\/sitenovo\/wp-content\/uploads\/2025\/03\/Anuncio-curso-de-enfermagem-post-de-instagram-1.png",1080,1080,false],"2048x2048":["https:\/\/www.faar.edu.br\/sitenovo\/wp-content\/uploads\/2025\/03\/Anuncio-curso-de-enfermagem-post-de-instagram-1.png",1080,1080,false]},"uagb_author_info":{"display_name":"admin","author_link":"https:\/\/www.faar.edu.br\/sitenovo\/author\/admin\/"},"uagb_comment_info":12,"uagb_excerpt":"O Curso T\u00e9cnico em Radiologia est\u00e1 articulado com a miss\u00e3o e pol\u00edtica da Escola T\u00e9cnica Faar\/IEC por meio de busca pela qualidade do ensino inclusiva e de excel\u00eancia. OBJETIVOS DO CURSO ORGANIZA\u00c7\u00c3O CURRICULAR A estrutura curricular baseia-se no Cat\u00e1logo Nacional de Cursos T\u00e9cnicos, nos Referenciais&nbsp;&nbsp; Nacionais da Educa\u00e7\u00e3o Profissional de T\u00e9cnico de N\u00edvel M\u00e9dio e&hellip;","_links":{"self":[{"href":"https:\/\/www.faar.edu.br\/sitenovo\/wp-json\/wp\/v2\/posts\/5547","targetHints":{"allow":["GET"]}}],"collection":[{"href":"https:\/\/www.faar.edu.br\/sitenovo\/wp-json\/wp\/v2\/posts"}],"about":[{"href":"https:\/\/www.faar.edu.br\/sitenovo\/wp-json\/wp\/v2\/types\/post"}],"author":[{"embeddable":true,"href":"https:\/\/www.faar.edu.br\/sitenovo\/wp-json\/wp\/v2\/users\/1"}],"replies":[{"embeddable":true,"href":"https:\/\/www.faar.edu.br\/sitenovo\/wp-json\/wp\/v2\/comments?post=5547"}],"version-history":[{"count":1,"href":"https:\/\/www.faar.edu.br\/sitenovo\/wp-json\/wp\/v2\/posts\/5547\/revisions"}],"predecessor-version":[{"id":5552,"href":"https:\/\/www.faar.edu.br\/sitenovo\/wp-json\/wp\/v2\/posts\/5547\/revisions\/5552"}],"wp:featuredmedia":[{"embeddable":true,"href":"https:\/\/www.faar.edu.br\/sitenovo\/wp-json\/wp\/v2\/media\/5490"}],"wp:attachment":[{"href":"https:\/\/www.faar.edu.br\/sitenovo\/wp-json\/wp\/v2\/media?parent=5547"}],"wp:term":[{"taxonomy":"category","embeddable":true,"href":"https:\/\/www.faar.edu.br\/sitenovo\/wp-json\/wp\/v2\/categories?post=5547"},{"taxonomy":"post_tag","embeddable":true,"href":"https:\/\/www.faar.edu.br\/sitenovo\/wp-json\/wp\/v2\/tags?post=5547"}],"curies":[{"name":"wp","href":"https:\/\/api.w.org\/{rel}","templated":true}]}}