{"id":1473,"date":"2021-09-27T03:46:18","date_gmt":"2021-09-27T03:46:18","guid":{"rendered":"http:\/\/faar.edu.br\/sitenovo\/?p=1473"},"modified":"2021-10-02T22:24:12","modified_gmt":"2021-10-02T22:24:12","slug":"professores-da-faar-sao-diplomados-conselheiros-regionais-de-farmacia","status":"publish","type":"post","link":"https:\/\/www.faar.edu.br\/sitenovo\/professores-da-faar-sao-diplomados-conselheiros-regionais-de-farmacia\/","title":{"rendered":"Professores da FAAr s\u00e3o diplomados Conselheiros Regionais de Farm\u00e1cia"},"content":{"rendered":"\t\t<div data-elementor-type=\"wp-post\" data-elementor-id=\"1473\" class=\"elementor elementor-1473\" data-elementor-post-type=\"post\">\n\t\t\t\t\t\t<section class=\"elementor-section elementor-top-section elementor-element elementor-element-9ac7bbb elementor-section-stretched elementor-section-height-min-height elementor-section-boxed elementor-section-height-default elementor-section-items-middle wpr-particle-no wpr-jarallax-no wpr-parallax-no wpr-sticky-section-no\" data-id=\"9ac7bbb\" data-element_type=\"section\" data-settings=\"{&quot;stretch_section&quot;:&quot;section-stretched&quot;,&quot;background_background&quot;:&quot;gradient&quot;}\">\n\t\t\t\t\t\t\t<div class=\"elementor-background-overlay\"><\/div>\n\t\t\t\t\t\t\t<div class=\"elementor-container elementor-column-gap-default\">\n\t\t\t\t\t<div class=\"elementor-column elementor-col-100 elementor-top-column elementor-element elementor-element-5d08a8e6\" data-id=\"5d08a8e6\" data-element_type=\"column\">\n\t\t\t<div class=\"elementor-widget-wrap elementor-element-populated\">\n\t\t\t\t\t\t<div class=\"elementor-element elementor-element-65e4c641 elementor-invisible elementor-widget elementor-widget-heading\" data-id=\"65e4c641\" data-element_type=\"widget\" data-settings=\"{&quot;_animation&quot;:&quot;fadeIn&quot;}\" data-widget_type=\"heading.default\">\n\t\t\t\t<div class=\"elementor-widget-container\">\n\t\t\t\t\t<h1 class=\"elementor-heading-title elementor-size-default\">Not\u00edcias<\/h1>\t\t\t\t<\/div>\n\t\t\t\t<\/div>\n\t\t\t\t<div class=\"elementor-element elementor-element-e519773 elementor-widget-divider--view-line elementor-widget elementor-widget-divider\" data-id=\"e519773\" data-element_type=\"widget\" data-widget_type=\"divider.default\">\n\t\t\t\t<div class=\"elementor-widget-container\">\n\t\t\t\t\t\t\t<div class=\"elementor-divider\">\n\t\t\t<span class=\"elementor-divider-separator\">\n\t\t\t\t\t\t<\/span>\n\t\t<\/div>\n\t\t\t\t\t\t<\/div>\n\t\t\t\t<\/div>\n\t\t\t\t<div class=\"elementor-element elementor-element-20465f69 elementor-view-default elementor-invisible elementor-widget elementor-widget-icon\" data-id=\"20465f69\" data-element_type=\"widget\" data-settings=\"{&quot;_animation&quot;:&quot;fadeInLeft&quot;}\" data-widget_type=\"icon.default\">\n\t\t\t\t<div class=\"elementor-widget-container\">\n\t\t\t\t\t\t\t<div class=\"elementor-icon-wrapper\">\n\t\t\t<div class=\"elementor-icon\">\n\t\t\t\t\t\t\t<i class=\"fa fa-angle-down\" aria-hidden=\"true\"><\/i>\n\t\t\t\t\t\t<\/div>\n\t\t<\/div>\n\t\t\t\t\t\t<\/div>\n\t\t\t\t<\/div>\n\t\t\t\t\t<\/div>\n\t\t<\/div>\n\t\t\t\t\t<\/div>\n\t\t<\/section>\n\t\t\t\t<section class=\"elementor-section elementor-top-section elementor-element elementor-element-507c04e2 elementor-section-boxed elementor-section-height-default elementor-section-height-default wpr-particle-no wpr-jarallax-no wpr-parallax-no wpr-sticky-section-no\" data-id=\"507c04e2\" data-element_type=\"section\" data-settings=\"{&quot;background_background&quot;:&quot;classic&quot;}\">\n\t\t\t\t\t\t<div class=\"elementor-container elementor-column-gap-no\">\n\t\t\t\t\t<div class=\"elementor-column elementor-col-50 elementor-top-column elementor-element elementor-element-751151f\" data-id=\"751151f\" data-element_type=\"column\">\n\t\t\t<div class=\"elementor-widget-wrap elementor-element-populated\">\n\t\t\t\t\t\t<div class=\"elementor-element elementor-element-3051bd5d elementor-pagination-type-progressbar elementor-pagination-position-inside elementor-skin-carousel elementor-arrows-yes elementor-widget elementor-widget-media-carousel\" data-id=\"3051bd5d\" data-element_type=\"widget\" data-settings=\"{&quot;slides_per_view&quot;:&quot;1&quot;,&quot;pagination&quot;:&quot;progressbar&quot;,&quot;space_between&quot;:{&quot;unit&quot;:&quot;px&quot;,&quot;size&quot;:0,&quot;sizes&quot;:[]},&quot;skin&quot;:&quot;carousel&quot;,&quot;effect&quot;:&quot;slide&quot;,&quot;show_arrows&quot;:&quot;yes&quot;,&quot;speed&quot;:500,&quot;autoplay&quot;:&quot;yes&quot;,&quot;autoplay_speed&quot;:5000,&quot;loop&quot;:&quot;yes&quot;,&quot;pause_on_hover&quot;:&quot;yes&quot;,&quot;pause_on_interaction&quot;:&quot;yes&quot;,&quot;space_between_tablet&quot;:{&quot;unit&quot;:&quot;px&quot;,&quot;size&quot;:10,&quot;sizes&quot;:[]},&quot;space_between_mobile&quot;:{&quot;unit&quot;:&quot;px&quot;,&quot;size&quot;:10,&quot;sizes&quot;:[]}}\" data-widget_type=\"media-carousel.default\">\n\t\t\t\t<div class=\"elementor-widget-container\">\n\t\t\t\t\t\t\t<div class=\"elementor-swiper\">\n\t\t\t<div class=\"elementor-main-swiper swiper-container\">\n\t\t\t\t<div class=\"swiper-wrapper\">\n\t\t\t\t\t\t\t\t\t\t\t<div class=\"swiper-slide\">\n\t\t\t\t\t\t\t\t\t<div class=\"elementor-carousel-image\" role=\"img\" aria-label=\"21f60f1e-6a8d-450f-bd43-1f915a6bfb03_11-23-21\" style=\"background-image: url(&#039;https:\/\/www.faar.edu.br\/sitenovo\/wp-content\/uploads\/2021\/09\/21f60f1e-6a8d-450f-bd43-1f915a6bfb03_11-23-21.jpg&#039;)\">\n\n\t\t\t\n\t\t\t\t\t<\/div>\n\t\t\t\t\t\t\t\t<\/div>\n\t\t\t\t\t\t\t\t\t<\/div>\n\t\t\t\t\t\t\t<\/div>\n\t\t<\/div>\n\t\t\t\t\t\t<\/div>\n\t\t\t\t<\/div>\n\t\t\t\t<section class=\"elementor-section elementor-inner-section elementor-element elementor-element-fe528aa elementor-section-boxed elementor-section-height-default elementor-section-height-default wpr-particle-no wpr-jarallax-no wpr-parallax-no wpr-sticky-section-no\" data-id=\"fe528aa\" data-element_type=\"section\">\n\t\t\t\t\t\t<div class=\"elementor-container elementor-column-gap-default\">\n\t\t\t\t\t<div class=\"elementor-column elementor-col-100 elementor-inner-column elementor-element elementor-element-6941b06b\" data-id=\"6941b06b\" data-element_type=\"column\">\n\t\t\t<div class=\"elementor-widget-wrap elementor-element-populated\">\n\t\t\t\t\t\t<div class=\"elementor-element elementor-element-2ed6be4c elementor-invisible elementor-widget elementor-widget-heading\" data-id=\"2ed6be4c\" data-element_type=\"widget\" data-settings=\"{&quot;_animation&quot;:&quot;fadeIn&quot;}\" data-widget_type=\"heading.default\">\n\t\t\t\t<div class=\"elementor-widget-container\">\n\t\t\t\t\t<h3 class=\"elementor-heading-title elementor-size-default\">Professores da FAAr s\u00e3o diplomados Conselheiros Regionais de Farm\u00e1cia <\/h3>\t\t\t\t<\/div>\n\t\t\t\t<\/div>\n\t\t\t\t<div class=\"elementor-element elementor-element-6c07d66b elementor-widget-divider--view-line elementor-widget elementor-widget-divider\" data-id=\"6c07d66b\" data-element_type=\"widget\" data-widget_type=\"divider.default\">\n\t\t\t\t<div class=\"elementor-widget-container\">\n\t\t\t\t\t\t\t<div class=\"elementor-divider\">\n\t\t\t<span class=\"elementor-divider-separator\">\n\t\t\t\t\t\t<\/span>\n\t\t<\/div>\n\t\t\t\t\t\t<\/div>\n\t\t\t\t<\/div>\n\t\t\t\t<div class=\"elementor-element elementor-element-5863115b elementor-widget elementor-widget-text-editor\" data-id=\"5863115b\" data-element_type=\"widget\" data-widget_type=\"text-editor.default\">\n\t\t\t\t<div class=\"elementor-widget-container\">\n\t\t\t\t\t\t\t\t\t<p><\/p><p><\/p><p>No \u00faltimo s\u00e1bado (25) os professores Ms Eneias Marcelino da Rocha e o Ms Nelson Pereira da Silva J\u00fanior, do curso de Farm\u00e1cia das Faculdades Integradas de Ariquemes (FAAr) foram diplomados conselheiros do Conselho Regional de Farm\u00e1cia de Rond\u00f4nia (CRF\/RO) na sede do Conselho em Porto Velho, em uma breve solenidade que contou com a presen\u00e7a Conselheira Federal L\u00e9rida Vieira e do presidente da Comiss\u00e3o Eleitoral, farmac\u00eautico Aldenir Ferreira, que conduziu a diploma\u00e7\u00e3o. O mandato deles inicia em 2020 e segue at\u00e9 2023.<\/p><p>Al\u00e9m dos dois professores da FAAr, tomaram posse como conselheiros regionais os farmac\u00eauticos Elin Leiliani Gomes Rolim, Francisco Roberto de Brito J\u00fanior, Jeferson de Oliveira Salvi e Simone Ferro Ribeiro (os dois \u00faltimos reeleitos). Como suplente tomou posse Adelmo Clementino da Rocha.<\/p><p>Comp\u00f5em tamb\u00e9m o Plen\u00e1rio do CRF-RO outros seis conselheiros regionais: Acilon Almeida Meneses Filho, Celina Aparecida Bertoni Lugtenburg, Geyza Cristina Farias da Silva, Jo\u00e3o Dias de Oliveira Junior, Rog\u00e9rio Rocha Barros e Vera L\u00facia Matias Gomes Geron.<\/p><p>O Diretor Adjunto da FAAr, Dr. Filipe Rozique, elogiou a diploma\u00e7\u00e3o dos docentes da institui\u00e7\u00e3o. \u201c\u00c9 sempre uma honra para a FAAr ter nossos professores em uma posi\u00e7\u00e3o de refer\u00eancia em suas \u00e1reas de atua\u00e7\u00e3o. O Conselho Regional de Farm\u00e1cia \u00e9 um baluarte \u00e9tico e profissional e temos muito orgulho de termos profissionais desse quilate a disposi\u00e7\u00e3o dos nossos acad\u00eamicos\u201d, afirmou.<\/p><p>A ATUA\u00c7\u00c3O DO CONSELHO &#8211; O Conselho Regional de Farm\u00e1cia e Regionais, dotados de personalidade jur\u00eddica, de direito p\u00fablico, com autonomia administrativa e financeira, \u00e9 destinado a zelar pelos princ\u00edpios da \u00e9tica e da disciplina da classe dos que exercem qualquer atividade farmac\u00eautica no Brasil.<\/p><p>Dentre as atribui\u00e7\u00f5es dos conselheiros est\u00e3o fiscalizar a \u00e9tica e a disciplina profissional para que a popula\u00e7\u00e3o do Estado n\u00e3o seja penalizada pelos maus profissionais e exigir das autoridades competentes a presen\u00e7a de pessoas habilitada nas farm\u00e1cias, cl\u00ednicas de an\u00e1lise, ind\u00fastrias e outras \u00e1reas de atua\u00e7\u00e3o dos farmac\u00eauticos nas esferas p\u00fablica e particular.<\/p><p>\u00a0<\/p><p><\/p><p><\/p><p><\/p>\t\t\t\t\t\t\t\t<\/div>\n\t\t\t\t<\/div>\n\t\t\t\t\t<\/div>\n\t\t<\/div>\n\t\t\t\t\t<\/div>\n\t\t<\/section>\n\t\t\t\t\t<\/div>\n\t\t<\/div>\n\t\t\t\t<div class=\"elementor-column elementor-col-50 elementor-top-column elementor-element elementor-element-105afbdc\" data-id=\"105afbdc\" data-element_type=\"column\">\n\t\t\t<div class=\"elementor-widget-wrap elementor-element-populated\">\n\t\t\t\t\t\t<div class=\"elementor-element elementor-element-768ef113 elementor-invisible elementor-widget elementor-widget-heading\" data-id=\"768ef113\" data-element_type=\"widget\" data-settings=\"{&quot;_animation&quot;:&quot;fadeIn&quot;}\" data-widget_type=\"heading.default\">\n\t\t\t\t<div class=\"elementor-widget-container\">\n\t\t\t\t\t<h3 class=\"elementor-heading-title elementor-size-default\">Outras Not\u00edcias<\/h3>\t\t\t\t<\/div>\n\t\t\t\t<\/div>\n\t\t\t\t<div class=\"elementor-element elementor-element-1a224cf5 elementor-widget-divider--view-line elementor-widget elementor-widget-divider\" data-id=\"1a224cf5\" data-element_type=\"widget\" data-widget_type=\"divider.default\">\n\t\t\t\t<div class=\"elementor-widget-container\">\n\t\t\t\t\t\t\t<div class=\"elementor-divider\">\n\t\t\t<span class=\"elementor-divider-separator\">\n\t\t\t\t\t\t<\/span>\n\t\t<\/div>\n\t\t\t\t\t\t<\/div>\n\t\t\t\t<\/div>\n\t\t\t\t<div class=\"elementor-element elementor-element-1c610df9 elementor-grid-1 elementor-posts--thumbnail-none elementor-grid-tablet-2 elementor-grid-mobile-1 elementor-card-shadow-yes elementor-posts__hover-gradient elementor-widget elementor-widget-posts\" data-id=\"1c610df9\" data-element_type=\"widget\" data-settings=\"{&quot;cards_columns&quot;:&quot;1&quot;,&quot;cards_columns_tablet&quot;:&quot;2&quot;,&quot;cards_columns_mobile&quot;:&quot;1&quot;,&quot;cards_row_gap&quot;:{&quot;unit&quot;:&quot;px&quot;,&quot;size&quot;:35,&quot;sizes&quot;:[]},&quot;cards_row_gap_tablet&quot;:{&quot;unit&quot;:&quot;px&quot;,&quot;size&quot;:&quot;&quot;,&quot;sizes&quot;:[]},&quot;cards_row_gap_mobile&quot;:{&quot;unit&quot;:&quot;px&quot;,&quot;size&quot;:&quot;&quot;,&quot;sizes&quot;:[]}}\" data-widget_type=\"posts.cards\">\n\t\t\t\t<div class=\"elementor-widget-container\">\n\t\t\t\t\t\t\t<div class=\"elementor-posts-container elementor-posts elementor-posts--skin-cards elementor-grid\">\n\t\t\t\t<article class=\"elementor-post elementor-grid-item post-3965 post type-post status-publish format-standard has-post-thumbnail hentry category-bolsa-desconto category-faeca category-noticias\">\n\t\t\t<div class=\"elementor-post__card\">\n\t\t\t\t<div class=\"elementor-post__text\">\n\t\t\t\t<h5 class=\"elementor-post__title\">\n\t\t\t<a href=\"https:\/\/www.faar.edu.br\/sitenovo\/bolsa-faeca\/\" >\n\t\t\t\tBOLSA FAECA\t\t\t<\/a>\n\t\t<\/h5>\n\t\t\n\t\t<a class=\"elementor-post__read-more\" href=\"https:\/\/www.faar.edu.br\/sitenovo\/bolsa-faeca\/\" aria-label=\"Read more about BOLSA FAECA\" tabindex=\"-1\" >\n\t\t\tSaiba Mais \u00bb\t\t<\/a>\n\n\t\t\t\t<\/div>\n\t\t\t\t\t<\/div>\n\t\t<\/article>\n\t\t\t\t<article class=\"elementor-post elementor-grid-item post-1621 post type-post status-publish format-standard has-post-thumbnail hentry category-noticias\">\n\t\t\t<div class=\"elementor-post__card\">\n\t\t\t\t<div class=\"elementor-post__text\">\n\t\t\t\t<h5 class=\"elementor-post__title\">\n\t\t\t<a href=\"https:\/\/www.faar.edu.br\/sitenovo\/edital-reajuste-mensalidades-2021\/\" >\n\t\t\t\tERRATA &#8211; EDITAL REAJUSTE MENSALIDADES &#8211; 2021\t\t\t<\/a>\n\t\t<\/h5>\n\t\t\n\t\t<a class=\"elementor-post__read-more\" href=\"https:\/\/www.faar.edu.br\/sitenovo\/edital-reajuste-mensalidades-2021\/\" aria-label=\"Read more about ERRATA &#8211; EDITAL REAJUSTE MENSALIDADES &#8211; 2021\" tabindex=\"-1\" >\n\t\t\tSaiba Mais \u00bb\t\t<\/a>\n\n\t\t\t\t<\/div>\n\t\t\t\t\t<\/div>\n\t\t<\/article>\n\t\t\t\t<article class=\"elementor-post elementor-grid-item post-1614 post type-post status-publish format-standard has-post-thumbnail hentry category-cpa category-noticias\">\n\t\t\t<div class=\"elementor-post__card\">\n\t\t\t\t<div class=\"elementor-post__text\">\n\t\t\t\t<h5 class=\"elementor-post__title\">\n\t\t\t<a href=\"https:\/\/www.faar.edu.br\/sitenovo\/avaliacao-cpa-2021-1\/\" >\n\t\t\t\tAVALIA\u00c7\u00c3O CPA 2021-1\t\t\t<\/a>\n\t\t<\/h5>\n\t\t\n\t\t<a class=\"elementor-post__read-more\" href=\"https:\/\/www.faar.edu.br\/sitenovo\/avaliacao-cpa-2021-1\/\" aria-label=\"Read more about AVALIA\u00c7\u00c3O CPA 2021-1\" tabindex=\"-1\" >\n\t\t\tSaiba Mais \u00bb\t\t<\/a>\n\n\t\t\t\t<\/div>\n\t\t\t\t\t<\/div>\n\t\t<\/article>\n\t\t\t\t<\/div>\n\t\t\n\t\t\t\t\t\t<\/div>\n\t\t\t\t<\/div>\n\t\t\t\t<div class=\"elementor-element elementor-element-698f40a9 elementor-invisible elementor-widget elementor-widget-heading\" data-id=\"698f40a9\" data-element_type=\"widget\" data-settings=\"{&quot;_animation&quot;:&quot;fadeIn&quot;}\" data-widget_type=\"heading.default\">\n\t\t\t\t<div class=\"elementor-widget-container\">\n\t\t\t\t\t<h3 class=\"elementor-heading-title elementor-size-default\">Eventos<\/h3>\t\t\t\t<\/div>\n\t\t\t\t<\/div>\n\t\t\t\t<div class=\"elementor-element elementor-element-b208273 elementor-widget-divider--view-line elementor-widget elementor-widget-divider\" data-id=\"b208273\" data-element_type=\"widget\" data-widget_type=\"divider.default\">\n\t\t\t\t<div class=\"elementor-widget-container\">\n\t\t\t\t\t\t\t<div class=\"elementor-divider\">\n\t\t\t<span class=\"elementor-divider-separator\">\n\t\t\t\t\t\t<\/span>\n\t\t<\/div>\n\t\t\t\t\t\t<\/div>\n\t\t\t\t<\/div>\n\t\t\t\t<div class=\"elementor-element elementor-element-a47bd4f elementor-grid-1 elementor-posts--thumbnail-none elementor-grid-tablet-2 elementor-grid-mobile-1 elementor-card-shadow-yes elementor-posts__hover-gradient elementor-widget elementor-widget-posts\" data-id=\"a47bd4f\" data-element_type=\"widget\" data-settings=\"{&quot;cards_columns&quot;:&quot;1&quot;,&quot;cards_columns_tablet&quot;:&quot;2&quot;,&quot;cards_columns_mobile&quot;:&quot;1&quot;,&quot;cards_row_gap&quot;:{&quot;unit&quot;:&quot;px&quot;,&quot;size&quot;:35,&quot;sizes&quot;:[]},&quot;cards_row_gap_tablet&quot;:{&quot;unit&quot;:&quot;px&quot;,&quot;size&quot;:&quot;&quot;,&quot;sizes&quot;:[]},&quot;cards_row_gap_mobile&quot;:{&quot;unit&quot;:&quot;px&quot;,&quot;size&quot;:&quot;&quot;,&quot;sizes&quot;:[]}}\" data-widget_type=\"posts.cards\">\n\t\t\t\t<div class=\"elementor-widget-container\">\n\t\t\t\t\t\t\t<div class=\"elementor-posts-container elementor-posts elementor-posts--skin-cards elementor-grid\">\n\t\t\t\t<article class=\"elementor-post elementor-grid-item post-3965 post type-post status-publish format-standard has-post-thumbnail hentry category-bolsa-desconto category-faeca category-noticias\">\n\t\t\t<div class=\"elementor-post__card\">\n\t\t\t\t<div class=\"elementor-post__text\">\n\t\t\t\t<h5 class=\"elementor-post__title\">\n\t\t\t<a href=\"https:\/\/www.faar.edu.br\/sitenovo\/bolsa-faeca\/\" >\n\t\t\t\tBOLSA FAECA\t\t\t<\/a>\n\t\t<\/h5>\n\t\t\n\t\t<a class=\"elementor-post__read-more\" href=\"https:\/\/www.faar.edu.br\/sitenovo\/bolsa-faeca\/\" aria-label=\"Read more about BOLSA FAECA\" tabindex=\"-1\" >\n\t\t\tSaiba Mais \u00bb\t\t<\/a>\n\n\t\t\t\t<\/div>\n\t\t\t\t\t<\/div>\n\t\t<\/article>\n\t\t\t\t<article class=\"elementor-post elementor-grid-item post-1621 post type-post status-publish format-standard has-post-thumbnail hentry category-noticias\">\n\t\t\t<div class=\"elementor-post__card\">\n\t\t\t\t<div class=\"elementor-post__text\">\n\t\t\t\t<h5 class=\"elementor-post__title\">\n\t\t\t<a href=\"https:\/\/www.faar.edu.br\/sitenovo\/edital-reajuste-mensalidades-2021\/\" >\n\t\t\t\tERRATA &#8211; EDITAL REAJUSTE MENSALIDADES &#8211; 2021\t\t\t<\/a>\n\t\t<\/h5>\n\t\t\n\t\t<a class=\"elementor-post__read-more\" href=\"https:\/\/www.faar.edu.br\/sitenovo\/edital-reajuste-mensalidades-2021\/\" aria-label=\"Read more about ERRATA &#8211; EDITAL REAJUSTE MENSALIDADES &#8211; 2021\" tabindex=\"-1\" >\n\t\t\tSaiba Mais \u00bb\t\t<\/a>\n\n\t\t\t\t<\/div>\n\t\t\t\t\t<\/div>\n\t\t<\/article>\n\t\t\t\t<article class=\"elementor-post elementor-grid-item post-1614 post type-post status-publish format-standard has-post-thumbnail hentry category-cpa category-noticias\">\n\t\t\t<div class=\"elementor-post__card\">\n\t\t\t\t<div class=\"elementor-post__text\">\n\t\t\t\t<h5 class=\"elementor-post__title\">\n\t\t\t<a href=\"https:\/\/www.faar.edu.br\/sitenovo\/avaliacao-cpa-2021-1\/\" >\n\t\t\t\tAVALIA\u00c7\u00c3O CPA 2021-1\t\t\t<\/a>\n\t\t<\/h5>\n\t\t\n\t\t<a class=\"elementor-post__read-more\" href=\"https:\/\/www.faar.edu.br\/sitenovo\/avaliacao-cpa-2021-1\/\" aria-label=\"Read more about AVALIA\u00c7\u00c3O CPA 2021-1\" tabindex=\"-1\" >\n\t\t\tSaiba Mais \u00bb\t\t<\/a>\n\n\t\t\t\t<\/div>\n\t\t\t\t\t<\/div>\n\t\t<\/article>\n\t\t\t\t<\/div>\n\t\t\n\t\t\t\t\t\t<\/div>\n\t\t\t\t<\/div>\n\t\t\t\t\t<\/div>\n\t\t<\/div>\n\t\t\t\t\t<\/div>\n\t\t<\/section>\n\t\t\t\t<\/div>\n\t\t","protected":false},"excerpt":{"rendered":"<p>Not\u00edcias Professores da FAAr s\u00e3o diplomados Conselheiros Regionais de Farm\u00e1cia No \u00faltimo s\u00e1bado (25) os professores Ms Eneias Marcelino da Rocha e o Ms Nelson Pereira da Silva J\u00fanior, do curso de Farm\u00e1cia das Faculdades Integradas de Ariquemes (FAAr) foram diplomados conselheiros do Conselho Regional de Farm\u00e1cia de Rond\u00f4nia (CRF\/RO) na sede do Conselho em Porto Velho, em uma breve solenidade que contou com a presen\u00e7a Conselheira Federal L\u00e9rida Vieira e do presidente da Comiss\u00e3o Eleitoral, farmac\u00eautico Aldenir Ferreira, que conduziu a diploma\u00e7\u00e3o. O mandato deles inicia em 2020 e segue at\u00e9 2023. Al\u00e9m dos dois professores da FAAr, tomaram posse como conselheiros regionais os farmac\u00eauticos Elin Leiliani Gomes Rolim, Francisco Roberto de Brito J\u00fanior, Jeferson de Oliveira Salvi e Simone Ferro Ribeiro (os dois \u00faltimos reeleitos). Como suplente tomou posse Adelmo Clementino da Rocha. Comp\u00f5em tamb\u00e9m o Plen\u00e1rio do CRF-RO outros seis conselheiros regionais: Acilon Almeida Meneses Filho, Celina Aparecida Bertoni Lugtenburg, Geyza Cristina Farias da Silva, Jo\u00e3o Dias de Oliveira Junior, Rog\u00e9rio Rocha Barros e Vera L\u00facia Matias Gomes Geron. O Diretor Adjunto da FAAr, Dr. Filipe Rozique, elogiou a diploma\u00e7\u00e3o dos docentes da institui\u00e7\u00e3o. \u201c\u00c9 sempre uma honra para a FAAr ter nossos professores em uma posi\u00e7\u00e3o de refer\u00eancia em suas \u00e1reas de atua\u00e7\u00e3o. O Conselho Regional de Farm\u00e1cia \u00e9 um baluarte \u00e9tico e profissional e temos muito orgulho de termos profissionais desse quilate a disposi\u00e7\u00e3o dos nossos acad\u00eamicos\u201d, afirmou. A ATUA\u00c7\u00c3O DO CONSELHO &#8211; O Conselho Regional de Farm\u00e1cia e Regionais, dotados de personalidade jur\u00eddica, de direito p\u00fablico, com autonomia administrativa e financeira, \u00e9 destinado a zelar pelos princ\u00edpios da \u00e9tica e da disciplina da classe dos que exercem qualquer atividade farmac\u00eautica no Brasil. Dentre as atribui\u00e7\u00f5es dos conselheiros est\u00e3o fiscalizar a \u00e9tica e a disciplina profissional para que a popula\u00e7\u00e3o do Estado n\u00e3o seja penalizada pelos maus profissionais e exigir das autoridades competentes a presen\u00e7a de pessoas habilitada nas farm\u00e1cias, cl\u00ednicas de an\u00e1lise, ind\u00fastrias e outras \u00e1reas de atua\u00e7\u00e3o dos farmac\u00eauticos nas esferas p\u00fablica e particular. \u00a0 Outras Not\u00edcias Eventos<\/p>\n","protected":false},"author":1,"featured_media":1474,"comment_status":"open","ping_status":"open","sticky":false,"template":"elementor_header_footer","format":"standard","meta":{"_acf_changed":false,"_uag_custom_page_level_css":"","footnotes":""},"categories":[22,35],"tags":[],"class_list":["post-1473","post","type-post","status-publish","format-standard","has-post-thumbnail","hentry","category-noticias","category-professores-da-faar"],"acf":[],"uagb_featured_image_src":{"full":["https:\/\/www.faar.edu.br\/sitenovo\/wp-content\/uploads\/2021\/09\/21f60f1e-6a8d-450f-bd43-1f915a6bfb03_11-23-21.jpg",1000,925,false],"thumbnail":["https:\/\/www.faar.edu.br\/sitenovo\/wp-content\/uploads\/2021\/09\/21f60f1e-6a8d-450f-bd43-1f915a6bfb03_11-23-21-150x150.jpg",150,150,true],"medium":["https:\/\/www.faar.edu.br\/sitenovo\/wp-content\/uploads\/2021\/09\/21f60f1e-6a8d-450f-bd43-1f915a6bfb03_11-23-21-300x278.jpg",300,278,true],"medium_large":["https:\/\/www.faar.edu.br\/sitenovo\/wp-content\/uploads\/2021\/09\/21f60f1e-6a8d-450f-bd43-1f915a6bfb03_11-23-21-768x710.jpg",768,710,true],"large":["https:\/\/www.faar.edu.br\/sitenovo\/wp-content\/uploads\/2021\/09\/21f60f1e-6a8d-450f-bd43-1f915a6bfb03_11-23-21.jpg",800,740,false],"1536x1536":["https:\/\/www.faar.edu.br\/sitenovo\/wp-content\/uploads\/2021\/09\/21f60f1e-6a8d-450f-bd43-1f915a6bfb03_11-23-21.jpg",1000,925,false],"2048x2048":["https:\/\/www.faar.edu.br\/sitenovo\/wp-content\/uploads\/2021\/09\/21f60f1e-6a8d-450f-bd43-1f915a6bfb03_11-23-21.jpg",1000,925,false]},"uagb_author_info":{"display_name":"admin","author_link":"https:\/\/www.faar.edu.br\/sitenovo\/author\/admin\/"},"uagb_comment_info":22,"uagb_excerpt":"Not\u00edcias Professores da FAAr s\u00e3o diplomados Conselheiros Regionais de Farm\u00e1cia No \u00faltimo s\u00e1bado (25) os professores Ms Eneias Marcelino da Rocha e o Ms Nelson Pereira da Silva J\u00fanior, do curso de Farm\u00e1cia das Faculdades Integradas de Ariquemes (FAAr) foram diplomados conselheiros do Conselho Regional de Farm\u00e1cia de Rond\u00f4nia (CRF\/RO) na sede do Conselho em&hellip;","_links":{"self":[{"href":"https:\/\/www.faar.edu.br\/sitenovo\/wp-json\/wp\/v2\/posts\/1473","targetHints":{"allow":["GET"]}}],"collection":[{"href":"https:\/\/www.faar.edu.br\/sitenovo\/wp-json\/wp\/v2\/posts"}],"about":[{"href":"https:\/\/www.faar.edu.br\/sitenovo\/wp-json\/wp\/v2\/types\/post"}],"author":[{"embeddable":true,"href":"https:\/\/www.faar.edu.br\/sitenovo\/wp-json\/wp\/v2\/users\/1"}],"replies":[{"embeddable":true,"href":"https:\/\/www.faar.edu.br\/sitenovo\/wp-json\/wp\/v2\/comments?post=1473"}],"version-history":[{"count":16,"href":"https:\/\/www.faar.edu.br\/sitenovo\/wp-json\/wp\/v2\/posts\/1473\/revisions"}],"predecessor-version":[{"id":2155,"href":"https:\/\/www.faar.edu.br\/sitenovo\/wp-json\/wp\/v2\/posts\/1473\/revisions\/2155"}],"wp:featuredmedia":[{"embeddable":true,"href":"https:\/\/www.faar.edu.br\/sitenovo\/wp-json\/wp\/v2\/media\/1474"}],"wp:attachment":[{"href":"https:\/\/www.faar.edu.br\/sitenovo\/wp-json\/wp\/v2\/media?parent=1473"}],"wp:term":[{"taxonomy":"category","embeddable":true,"href":"https:\/\/www.faar.edu.br\/sitenovo\/wp-json\/wp\/v2\/categories?post=1473"},{"taxonomy":"post_tag","embeddable":true,"href":"https:\/\/www.faar.edu.br\/sitenovo\/wp-json\/wp\/v2\/tags?post=1473"}],"curies":[{"name":"wp","href":"https:\/\/api.w.org\/{rel}","templated":true}]}}